{"id":107,"date":"2024-05-24T20:01:18","date_gmt":"2024-05-25T02:01:18","guid":{"rendered":"https:\/\/www.grupoaduanalyarza.com\/portal\/es\/?p=107"},"modified":"2024-05-27T13:12:42","modified_gmt":"2024-05-27T19:12:42","slug":"aviso-de-importacion-temporal-del-articulo-106-fraccion-ii-inciso-a-de-la-ley-aduanera","status":"publish","type":"post","link":"https:\/\/www.grupoaduanalyarza.com\/portal\/es\/2024\/05\/24\/aviso-de-importacion-temporal-del-articulo-106-fraccion-ii-inciso-a-de-la-ley-aduanera\/","title":{"rendered":"Aviso de Importaci\u00f3n Temporal del Art\u00edculo 106, Fracci\u00f3n II, Inciso a) de la Ley Aduanera"},"content":{"rendered":"\n<div class=\"wp-block-uagb-container uagb-block-b7901d0e alignfull uagb-is-root-container\"><div class=\"uagb-container-inner-blocks-wrap\">\n<p>A TODA LA COMUNIDAD DE COMERCIO EXTERIOR Y ADUANAL:<\/p>\n\n\n\n<p>Hacemos de su conocimiento que la Administraci\u00f3n General de Auditoria de Comercio Exterior dio a conocer a trav\u00e9s del portal de VUCEM, el Manual de Usuario Aviso de importaci\u00f3n temporal del art\u00edculo 106, fracci\u00f3n II, inciso a) de la Ley Aduanera.<\/p>\n\n\n\n<p>En seguimiento a la circular en la que se informa de la Liberaci\u00f3n Avisos AGACE (Hoja informativa No. 1) en el portal de la VUCEM () en el Apartado denominado Hojas informativas, se dio a conocer la Hoja informativa 1 Liberaci\u00f3n Avisos AGACE\u00ee. Al respecto, como se se\u00f1alo anteriormente, informamos que se dio a conocer el citado manual, en el que se indica de manera expl\u00edcita, los pasos a seguir para efecto de obtener el Aviso de importaci\u00f3n temporal del art\u00edculo 106, fracci\u00f3n II, inciso a) de la Ley Aduanera.<\/p>\n<\/div><\/div>\n","protected":false},"excerpt":{"rendered":"<p>A TODA LA COMUNIDAD DE COMERCIO EXTERIOR Y ADUANAL: Hacemos de su conocimiento que la Administraci\u00f3n General de Auditoria de Comercio Exterior dio a conocer a trav\u00e9s del portal de VUCEM, el Manual de Usuario Aviso de importaci\u00f3n temporal del art\u00edculo 106, fracci\u00f3n II, inciso a) de la Ley Aduanera. En seguimiento a la circular [&hellip;]<\/p>\n","protected":false},"author":3,"featured_media":384,"comment_status":"open","ping_status":"closed","sticky":false,"template":"","format":"standard","meta":{"_uag_custom_page_level_css":"","footnotes":""},"categories":[1],"tags":[],"class_list":["post-107","post","type-post","status-publish","format-standard","has-post-thumbnail","hentry","category-comunicados"],"blocksy_meta":[],"uagb_featured_image_src":{"full":["https:\/\/www.grupoaduanalyarza.com\/portal\/es\/wp-content\/uploads\/2024\/05\/aviso-temporal.jpg",467,248,false],"thumbnail":["https:\/\/www.grupoaduanalyarza.com\/portal\/es\/wp-content\/uploads\/2024\/05\/aviso-temporal-150x150.jpg",150,150,true],"medium":["https:\/\/www.grupoaduanalyarza.com\/portal\/es\/wp-content\/uploads\/2024\/05\/aviso-temporal-300x159.jpg",300,159,true],"medium_large":["https:\/\/www.grupoaduanalyarza.com\/portal\/es\/wp-content\/uploads\/2024\/05\/aviso-temporal.jpg",467,248,false],"large":["https:\/\/www.grupoaduanalyarza.com\/portal\/es\/wp-content\/uploads\/2024\/05\/aviso-temporal.jpg",467,248,false],"1536x1536":["https:\/\/www.grupoaduanalyarza.com\/portal\/es\/wp-content\/uploads\/2024\/05\/aviso-temporal.jpg",467,248,false],"2048x2048":["https:\/\/www.grupoaduanalyarza.com\/portal\/es\/wp-content\/uploads\/2024\/05\/aviso-temporal.jpg",467,248,false]},"uagb_author_info":{"display_name":"WebMaster","author_link":"https:\/\/www.grupoaduanalyarza.com\/portal\/es\/author\/yarza\/"},"uagb_comment_info":0,"uagb_excerpt":"A TODA LA COMUNIDAD DE COMERCIO EXTERIOR Y ADUANAL: Hacemos de su conocimiento que la Administraci\u00f3n General de Auditoria de Comercio Exterior dio a conocer a trav\u00e9s del portal de VUCEM, el Manual de Usuario Aviso de importaci\u00f3n temporal del art\u00edculo 106, fracci\u00f3n II, inciso a) de la Ley Aduanera. En seguimiento a la circular&hellip;","_links":{"self":[{"href":"https:\/\/www.grupoaduanalyarza.com\/portal\/es\/wp-json\/wp\/v2\/posts\/107","targetHints":{"allow":["GET"]}}],"collection":[{"href":"https:\/\/www.grupoaduanalyarza.com\/portal\/es\/wp-json\/wp\/v2\/posts"}],"about":[{"href":"https:\/\/www.grupoaduanalyarza.com\/portal\/es\/wp-json\/wp\/v2\/types\/post"}],"author":[{"embeddable":true,"href":"https:\/\/www.grupoaduanalyarza.com\/portal\/es\/wp-json\/wp\/v2\/users\/3"}],"replies":[{"embeddable":true,"href":"https:\/\/www.grupoaduanalyarza.com\/portal\/es\/wp-json\/wp\/v2\/comments?post=107"}],"version-history":[{"count":2,"href":"https:\/\/www.grupoaduanalyarza.com\/portal\/es\/wp-json\/wp\/v2\/posts\/107\/revisions"}],"predecessor-version":[{"id":112,"href":"https:\/\/www.grupoaduanalyarza.com\/portal\/es\/wp-json\/wp\/v2\/posts\/107\/revisions\/112"}],"wp:featuredmedia":[{"embeddable":true,"href":"https:\/\/www.grupoaduanalyarza.com\/portal\/es\/wp-json\/wp\/v2\/media\/384"}],"wp:attachment":[{"href":"https:\/\/www.grupoaduanalyarza.com\/portal\/es\/wp-json\/wp\/v2\/media?parent=107"}],"wp:term":[{"taxonomy":"category","embeddable":true,"href":"https:\/\/www.grupoaduanalyarza.com\/portal\/es\/wp-json\/wp\/v2\/categories?post=107"},{"taxonomy":"post_tag","embeddable":true,"href":"https:\/\/www.grupoaduanalyarza.com\/portal\/es\/wp-json\/wp\/v2\/tags?post=107"}],"curies":[{"name":"wp","href":"https:\/\/api.w.org\/{rel}","templated":true}]}}