{"id":608,"date":"2025-01-17T17:17:07","date_gmt":"2025-01-17T23:17:07","guid":{"rendered":"https:\/\/www.grupoaduanalyarza.com\/portal\/es\/?p=608"},"modified":"2025-01-17T17:17:08","modified_gmt":"2025-01-17T23:17:08","slug":"profepa-tomara-medidas-respecto-a-la-ventana-de-mantenimiento-de-vucem","status":"publish","type":"post","link":"https:\/\/www.grupoaduanalyarza.com\/portal\/es\/2025\/01\/17\/profepa-tomara-medidas-respecto-a-la-ventana-de-mantenimiento-de-vucem\/","title":{"rendered":"PROFEPA tomara medidas respecto a la ventana de mantenimiento de VUCEM."},"content":{"rendered":"\n<p><\/p>\n\n\n\n<p><\/p>\n\n\n\n<p>La Direcci\u00f3n General de Verificaci\u00f3n e Inspecci\u00f3n en Puerto, Aeropuertos y Fronteras de la PROFEPA, informa que ha sido notificada de la ventana de mantenimiento a la VUCEM durante la primer semana del mes de Febrero, la cual durara 7 d\u00edas.<\/p>\n\n\n\n<p><\/p>\n\n\n\n<p><\/p>\n\n\n\n<p>Al respecto ah informado a sus inspector\u00edas de dicha situaci\u00f3n, dando instrucciones de que en cada localidad se tomen las medidas necesarias para evitar inconvenientes.<\/p>\n\n\n\n<p><\/p>\n\n\n\n<p><\/p>\n\n\n\n<p>Por lo anterior en caso de cualquier problem\u00e1tica, se recomienda acercarse a la inspector\u00eda de su localidad.<\/p>\n\n\n\n<p><\/p>\n\n\n\n<p><\/p>\n\n\n\n<p>La presente &nbsp;se hace de su conocimiento, con el fin de tomar las acciones necesarias para cumplir con la presente disposici\u00f3n y evitar cualquier eventualidad en el despacho de sus operaciones.<\/p>\n\n\n\n<p><\/p>\n","protected":false},"excerpt":{"rendered":"<p>La Direcci\u00f3n General de Verificaci\u00f3n e Inspecci\u00f3n en Puerto, Aeropuertos y Fronteras de la PROFEPA, informa que ha sido notificada de la ventana de mantenimiento a la VUCEM durante la primer semana del mes de Febrero, la cual durara 7 d\u00edas. Al respecto ah informado a sus inspector\u00edas de dicha situaci\u00f3n, dando instrucciones de que [&hellip;]<\/p>\n","protected":false},"author":3,"featured_media":0,"comment_status":"open","ping_status":"closed","sticky":false,"template":"","format":"standard","meta":{"_uag_custom_page_level_css":"","footnotes":""},"categories":[1],"tags":[],"class_list":["post-608","post","type-post","status-publish","format-standard","hentry","category-comunicados"],"blocksy_meta":[],"uagb_featured_image_src":{"full":false,"thumbnail":false,"medium":false,"medium_large":false,"large":false,"1536x1536":false,"2048x2048":false},"uagb_author_info":{"display_name":"WebMaster","author_link":"https:\/\/www.grupoaduanalyarza.com\/portal\/es\/author\/yarza\/"},"uagb_comment_info":0,"uagb_excerpt":"La Direcci\u00f3n General de Verificaci\u00f3n e Inspecci\u00f3n en Puerto, Aeropuertos y Fronteras de la PROFEPA, informa que ha sido notificada de la ventana de mantenimiento a la VUCEM durante la primer semana del mes de Febrero, la cual durara 7 d\u00edas. Al respecto ah informado a sus inspector\u00edas de dicha situaci\u00f3n, dando instrucciones de que&hellip;","_links":{"self":[{"href":"https:\/\/www.grupoaduanalyarza.com\/portal\/es\/wp-json\/wp\/v2\/posts\/608","targetHints":{"allow":["GET"]}}],"collection":[{"href":"https:\/\/www.grupoaduanalyarza.com\/portal\/es\/wp-json\/wp\/v2\/posts"}],"about":[{"href":"https:\/\/www.grupoaduanalyarza.com\/portal\/es\/wp-json\/wp\/v2\/types\/post"}],"author":[{"embeddable":true,"href":"https:\/\/www.grupoaduanalyarza.com\/portal\/es\/wp-json\/wp\/v2\/users\/3"}],"replies":[{"embeddable":true,"href":"https:\/\/www.grupoaduanalyarza.com\/portal\/es\/wp-json\/wp\/v2\/comments?post=608"}],"version-history":[{"count":1,"href":"https:\/\/www.grupoaduanalyarza.com\/portal\/es\/wp-json\/wp\/v2\/posts\/608\/revisions"}],"predecessor-version":[{"id":609,"href":"https:\/\/www.grupoaduanalyarza.com\/portal\/es\/wp-json\/wp\/v2\/posts\/608\/revisions\/609"}],"wp:attachment":[{"href":"https:\/\/www.grupoaduanalyarza.com\/portal\/es\/wp-json\/wp\/v2\/media?parent=608"}],"wp:term":[{"taxonomy":"category","embeddable":true,"href":"https:\/\/www.grupoaduanalyarza.com\/portal\/es\/wp-json\/wp\/v2\/categories?post=608"},{"taxonomy":"post_tag","embeddable":true,"href":"https:\/\/www.grupoaduanalyarza.com\/portal\/es\/wp-json\/wp\/v2\/tags?post=608"}],"curies":[{"name":"wp","href":"https:\/\/api.w.org\/{rel}","templated":true}]}}