{"id":613,"date":"2025-01-20T18:00:22","date_gmt":"2025-01-21T00:00:22","guid":{"rendered":"https:\/\/www.grupoaduanalyarza.com\/portal\/es\/?p=613"},"modified":"2025-01-20T18:00:23","modified_gmt":"2025-01-21T00:00:23","slug":"decreto-por-el-que-se-modifica-el-diverso-de-la-zona-libre-de-chetumal","status":"publish","type":"post","link":"https:\/\/www.grupoaduanalyarza.com\/portal\/es\/2025\/01\/20\/decreto-por-el-que-se-modifica-el-diverso-de-la-zona-libre-de-chetumal\/","title":{"rendered":"DECRETO por el que se modifica el diverso de la zona libre de Chetumal."},"content":{"rendered":"\n<p><\/p>\n\n\n\n<p><\/p>\n\n\n\n<p><strong>DECRETO por el que se modifica el diverso de la zona libre de Chetumal.<\/strong><\/p>\n\n\n\n<p>La Secretar\u00eda de Hacienda y Cr\u00e9dito P\u00fablico en fecha 01 de enero de 2025, publico en el Diario Oficial de la Federaci\u00f3n el decreto citado, el cual entra en vigor el 1 de enero de 2025 y estar\u00e1 vigente hasta el 31 de diciembre de 2025:<\/p>\n\n\n\n<p><strong>Antecedentes<\/strong><\/p>\n\n\n\n<p>Decreto de la zona libre de Chetumal (D.O.F. 31\/12\/2020)<\/p>\n\n\n\n<p>Decreto por el que se modifica la Tarifa de la Ley de los Impuestos Generales de Importaci\u00f3n y de Exportaci\u00f3n, el Decreto para el apoyo de la competitividad de la industria automotriz terminal y el impulso al desarrollo del mercado interno de autom\u00f3viles, el Decreto para el Fomento de la Industria Manufacturera, Maquiladora y de Servicios de Exportaci\u00f3n,el Decreto por el que se establece el impuesto general de importaci\u00f3n para la regi\u00f3n fronteriza y la franja fronteriza norte, el Decreto de la zona libre de Chetumal, el Decreto por el que se establecen diversos Programas de Promoci\u00f3n Sectorial, el Decreto por el que se regula la importaci\u00f3n definitiva de veh\u00edculos usados y los diversos por los que se establecen aranceles-cupo (D.O.F 18\/11\/2022).<\/p>\n\n\n\n<p>Decreto para promover la zona libre de Chetumal, estado de Quintana Roo (D.O.F.22\/04\/2024) .<\/p>\n\n\n\n<p><strong>Relevancia<\/strong><\/p>\n\n\n\n<p>Se reforma el art\u00edculo transitorio \u00danico del Decreto de la zona libre de Chetumal (D.O.F. 31\/12\/2020 y su posterior modificaci\u00f3n), para se\u00f1alar que el Decreto entrar\u00e1 en vigor el 1 de enero de 2021 y estar\u00e1 vigente hasta el 31 de diciembre de 2025.<\/p>\n","protected":false},"excerpt":{"rendered":"<p>DECRETO por el que se modifica el diverso de la zona libre de Chetumal. La Secretar\u00eda de Hacienda y Cr\u00e9dito P\u00fablico en fecha 01 de enero de 2025, publico en el Diario Oficial de la Federaci\u00f3n el decreto citado, el cual entra en vigor el 1 de enero de 2025 y estar\u00e1 vigente hasta el [&hellip;]<\/p>\n","protected":false},"author":3,"featured_media":0,"comment_status":"open","ping_status":"closed","sticky":false,"template":"","format":"standard","meta":{"_uag_custom_page_level_css":"","footnotes":""},"categories":[1],"tags":[],"class_list":["post-613","post","type-post","status-publish","format-standard","hentry","category-comunicados"],"blocksy_meta":[],"uagb_featured_image_src":{"full":false,"thumbnail":false,"medium":false,"medium_large":false,"large":false,"1536x1536":false,"2048x2048":false},"uagb_author_info":{"display_name":"WebMaster","author_link":"https:\/\/www.grupoaduanalyarza.com\/portal\/es\/author\/yarza\/"},"uagb_comment_info":0,"uagb_excerpt":"DECRETO por el que se modifica el diverso de la zona libre de Chetumal. La Secretar\u00eda de Hacienda y Cr\u00e9dito P\u00fablico en fecha 01 de enero de 2025, publico en el Diario Oficial de la Federaci\u00f3n el decreto citado, el cual entra en vigor el 1 de enero de 2025 y estar\u00e1 vigente hasta el&hellip;","_links":{"self":[{"href":"https:\/\/www.grupoaduanalyarza.com\/portal\/es\/wp-json\/wp\/v2\/posts\/613","targetHints":{"allow":["GET"]}}],"collection":[{"href":"https:\/\/www.grupoaduanalyarza.com\/portal\/es\/wp-json\/wp\/v2\/posts"}],"about":[{"href":"https:\/\/www.grupoaduanalyarza.com\/portal\/es\/wp-json\/wp\/v2\/types\/post"}],"author":[{"embeddable":true,"href":"https:\/\/www.grupoaduanalyarza.com\/portal\/es\/wp-json\/wp\/v2\/users\/3"}],"replies":[{"embeddable":true,"href":"https:\/\/www.grupoaduanalyarza.com\/portal\/es\/wp-json\/wp\/v2\/comments?post=613"}],"version-history":[{"count":1,"href":"https:\/\/www.grupoaduanalyarza.com\/portal\/es\/wp-json\/wp\/v2\/posts\/613\/revisions"}],"predecessor-version":[{"id":614,"href":"https:\/\/www.grupoaduanalyarza.com\/portal\/es\/wp-json\/wp\/v2\/posts\/613\/revisions\/614"}],"wp:attachment":[{"href":"https:\/\/www.grupoaduanalyarza.com\/portal\/es\/wp-json\/wp\/v2\/media?parent=613"}],"wp:term":[{"taxonomy":"category","embeddable":true,"href":"https:\/\/www.grupoaduanalyarza.com\/portal\/es\/wp-json\/wp\/v2\/categories?post=613"},{"taxonomy":"post_tag","embeddable":true,"href":"https:\/\/www.grupoaduanalyarza.com\/portal\/es\/wp-json\/wp\/v2\/tags?post=613"}],"curies":[{"name":"wp","href":"https:\/\/api.w.org\/{rel}","templated":true}]}}