{"id":615,"date":"2025-01-20T18:03:21","date_gmt":"2025-01-21T00:03:21","guid":{"rendered":"https:\/\/www.grupoaduanalyarza.com\/portal\/es\/?p=615"},"modified":"2025-01-20T18:03:22","modified_gmt":"2025-01-21T00:03:22","slug":"decreto-por-el-que-se-modifica-el-diverso-por-el-que-se-exenta-el-pago-de-arancel-de-importacion-y-se-otorgan-facilidades-administrativas-a-diversas-mercancias-de-la-canasta-basica-y-de-consumo-basico","status":"publish","type":"post","link":"https:\/\/www.grupoaduanalyarza.com\/portal\/es\/2025\/01\/20\/decreto-por-el-que-se-modifica-el-diverso-por-el-que-se-exenta-el-pago-de-arancel-de-importacion-y-se-otorgan-facilidades-administrativas-a-diversas-mercancias-de-la-canasta-basica-y-de-consumo-basico\/","title":{"rendered":"Decreto por el que se modifica el diverso por el que se exenta el pago de arancel de importaci\u00f3n y se otorgan facilidades administrativas a diversas mercanc\u00edas de la canasta b\u00e1sica y de consumo b\u00e1sico de las familias."},"content":{"rendered":"\n<p><\/p>\n\n\n\n<p><\/p>\n\n\n\n<p>La Secretar\u00eda de Econom\u00eda en fecha 31 de diciembre de 2024, publico en el Diario Oficial de la Federaci\u00f3n el decreto citado, el cual entra en vigor al dia siguiente de su publicaci\u00f3n:<\/p>\n\n\n\n<p><strong>ADICI\u00d3N (ARTICULO PRIMERO FRACCI\u00d3N I)<\/strong><\/p>\n\n\n\n<p>Se adicionan al listado de fracciones arancelarias del art\u00edculo Primero del presente Decreto, la exenci\u00f3n temporal del pago de arancel a la importaci\u00f3n para aquellas mercanc\u00edas utilizadas en la elaboraci\u00f3n de alimentos que forman parte de la canasta b\u00e1sica, entre ellas el trigo, harina de trigo; acero y productos laminados, tapas para envases, dep\u00f3sitos, latas y botes de fundici\u00f3n, hierro o acero; redes confeccionadas para la pesca, flotadores o boyas para redes de pesca, cordeles, cuerdas y cordajes, y sulfato de amonio, como se observa en archivo adjunto.<\/p>\n\n\n\n<p>Nota: Con respecto al Sulfato de Amonio, se incluye nuevamente su exenci\u00f3n temporal del pago de arancel identificado en la fracci\u00f3n arancelaria 3102.21.01, con la finalidad de satisfacer la demanda nacional como fertilizantes utilizados en la producci\u00f3n de ma\u00edz y trigo.<\/p>\n\n\n\n<p><strong>ELIMINACI\u00d3N (ARTICULO PRIMERO FRACCI\u00d3N II)<\/strong><\/p>\n\n\n\n<p>Se eliminan del Articulo Primero las siguientes fracciones arancelarias listadas en su fracci\u00f3n II, por ejemplo: pescado congelado, filetes frescos, refrigerados y congelados, de tilapia; hortalizas como cebollas, lechugas, espinacas; leguminosas; manzanas frescas, pimientos secos; arroz; almidones; preparaciones alimenticias, entre otras manufacturas.<\/p>\n\n\n\n<p><strong>ELIMINACI\u00d3N<\/strong><\/p>\n\n\n\n<p>Se eliminan del listado del art\u00edculo Segundo del presente Decreto para productos laminados planos de las fracciones arancelarias 7210.70.02 y 7212.40.04 de la Tarifa de la Ley de los Impuestos Generales de Importaci\u00f3n y de Exportaci\u00f3n.<\/p>\n\n\n\n<p><strong>REFORMAS A LOS TRANSITORIOS<\/strong><\/p>\n\n\n\n<p>Se reforman los transitorios Primero y Cuarto del &#8220;Decreto por el que se exenta el pago de arancel de importaci\u00f3n y se otorgan facilidades administrativas a diversas mercanc\u00edas de la canasta b\u00e1sica y de consumo b\u00e1sico de las familias&#8221;, publicado en el Diario Oficial de la Federaci\u00f3n el 6 de enero de 2023 y sus posteriores modificaciones, para quedar como sigue:<\/p>\n\n\n\n<p>El presente decreto entra en vigor al d\u00eda siguiente de su publicaci\u00f3n en el Diario Oficial de la Federaci\u00f3n y estar\u00e1 vigente hasta el 31 de diciembre de 2025.<\/p>\n\n\n\n<p>Las Empresas Importadoras de Productos de la Canasta B\u00e1sica registradas en el &#8220;Padr\u00f3n de Importadores de Productos de la Canasta B\u00e1sica&#8221;, que acrediten haber celebrado un contrato para la adquisici\u00f3n de las mercanc\u00edas referidas en los art\u00edculos Primero y Segundo de este ordenamiento durante su vigencia, podr\u00e1n aplicar los beneficios contenidos en el presente decreto hasta el 31 de marzo de 2026, siempre que a m\u00e1s tardar el 9 de enero de 2026 presenten ante el Servicio de Administraci\u00f3n Tributaria dichos contratos, conforme a las reglas de car\u00e1cter general que al efecto emita dicho \u00f3rgano administrativo desconcentrado.&#8221;<\/p>\n","protected":false},"excerpt":{"rendered":"<p>La Secretar\u00eda de Econom\u00eda en fecha 31 de diciembre de 2024, publico en el Diario Oficial de la Federaci\u00f3n el decreto citado, el cual entra en vigor al dia siguiente de su publicaci\u00f3n: ADICI\u00d3N (ARTICULO PRIMERO FRACCI\u00d3N I) Se adicionan al listado de fracciones arancelarias del art\u00edculo Primero del presente Decreto, la exenci\u00f3n temporal del [&hellip;]<\/p>\n","protected":false},"author":3,"featured_media":0,"comment_status":"open","ping_status":"closed","sticky":false,"template":"","format":"standard","meta":{"_uag_custom_page_level_css":"","footnotes":""},"categories":[1],"tags":[],"class_list":["post-615","post","type-post","status-publish","format-standard","hentry","category-comunicados"],"blocksy_meta":[],"uagb_featured_image_src":{"full":false,"thumbnail":false,"medium":false,"medium_large":false,"large":false,"1536x1536":false,"2048x2048":false},"uagb_author_info":{"display_name":"WebMaster","author_link":"https:\/\/www.grupoaduanalyarza.com\/portal\/es\/author\/yarza\/"},"uagb_comment_info":0,"uagb_excerpt":"La Secretar\u00eda de Econom\u00eda en fecha 31 de diciembre de 2024, publico en el Diario Oficial de la Federaci\u00f3n el decreto citado, el cual entra en vigor al dia siguiente de su publicaci\u00f3n: ADICI\u00d3N (ARTICULO PRIMERO FRACCI\u00d3N I) Se adicionan al listado de fracciones arancelarias del art\u00edculo Primero del presente Decreto, la exenci\u00f3n temporal del&hellip;","_links":{"self":[{"href":"https:\/\/www.grupoaduanalyarza.com\/portal\/es\/wp-json\/wp\/v2\/posts\/615","targetHints":{"allow":["GET"]}}],"collection":[{"href":"https:\/\/www.grupoaduanalyarza.com\/portal\/es\/wp-json\/wp\/v2\/posts"}],"about":[{"href":"https:\/\/www.grupoaduanalyarza.com\/portal\/es\/wp-json\/wp\/v2\/types\/post"}],"author":[{"embeddable":true,"href":"https:\/\/www.grupoaduanalyarza.com\/portal\/es\/wp-json\/wp\/v2\/users\/3"}],"replies":[{"embeddable":true,"href":"https:\/\/www.grupoaduanalyarza.com\/portal\/es\/wp-json\/wp\/v2\/comments?post=615"}],"version-history":[{"count":1,"href":"https:\/\/www.grupoaduanalyarza.com\/portal\/es\/wp-json\/wp\/v2\/posts\/615\/revisions"}],"predecessor-version":[{"id":616,"href":"https:\/\/www.grupoaduanalyarza.com\/portal\/es\/wp-json\/wp\/v2\/posts\/615\/revisions\/616"}],"wp:attachment":[{"href":"https:\/\/www.grupoaduanalyarza.com\/portal\/es\/wp-json\/wp\/v2\/media?parent=615"}],"wp:term":[{"taxonomy":"category","embeddable":true,"href":"https:\/\/www.grupoaduanalyarza.com\/portal\/es\/wp-json\/wp\/v2\/categories?post=615"},{"taxonomy":"post_tag","embeddable":true,"href":"https:\/\/www.grupoaduanalyarza.com\/portal\/es\/wp-json\/wp\/v2\/tags?post=615"}],"curies":[{"name":"wp","href":"https:\/\/api.w.org\/{rel}","templated":true}]}}