{"id":619,"date":"2025-01-21T16:36:50","date_gmt":"2025-01-21T22:36:50","guid":{"rendered":"https:\/\/www.grupoaduanalyarza.com\/portal\/es\/?p=619"},"modified":"2025-01-21T16:36:52","modified_gmt":"2025-01-21T22:36:52","slug":"anteproyecto-del-balizamiento-identificacion-para-vehiculos-de-autotransporte-federal-de-carga","status":"publish","type":"post","link":"https:\/\/www.grupoaduanalyarza.com\/portal\/es\/2025\/01\/21\/anteproyecto-del-balizamiento-identificacion-para-vehiculos-de-autotransporte-federal-de-carga\/","title":{"rendered":"Anteproyecto del balizamiento (identificaci\u00f3n) para veh\u00edculos de autotransporte federal (de carga)."},"content":{"rendered":"\n<p><\/p>\n\n\n\n<p><\/p>\n\n\n\n<p><strong>Anteproyecto del balizamiento (identificaci\u00f3n) para veh\u00edculos de autotransporte federal (de carga)<\/strong><\/p>\n\n\n\n<p>La Secretar\u00eda de Infraestructura, Comunicaciones y Transportes (SICT) ha dado a conocer como Anteproyecto CONAMER el &#8220;Aviso a todos los permisionarios, c\u00e1maras, asociaciones, federaciones y confederaciones del autotransporte federal de carga, pasaje y turismo; y servicios auxiliares.&#8221;, con n\u00famero de expediente10\/0001\/080125:<\/p>\n\n\n\n<p><strong>Objetivo del Anteproyecto:<\/strong><\/p>\n\n\n\n<p>Como parte de las estrategias de seguridad en las carreteras y puentes federales, la SICT, por conducto de la Direcci\u00f3n General de Autotransporte Federal comunica que los permisionarios deben realizar la identificaci\u00f3n de los veh\u00edculos que circulen por las carreteras y puentes de jurisdicci\u00f3n federal,entendi\u00e9ndose esta, como: \u201cbalizado\u201d de las unidades de autotransporte federal en sus diferentes modos, ello, de conformidad con lo se\u00f1alado en el anexo t\u00e9cnico.<\/p>\n\n\n\n<p>Contar con un mecanismo mediante el cual la autoridad competente pueda encontrar con mayor facilidad todos aquellos veh\u00edculos que se ven involucrados en alg\u00fan probable delito, lo cual se traduce en otorgar mayor seguridad a los permisionarios federales que transitan por v\u00edas de jurisdicci\u00f3n federal.<\/p>\n\n\n\n<p><strong>Especificaciones:<\/strong><\/p>\n\n\n\n<p>El balizado deber\u00e1 llevarse a cabo conforme al siguiente Anexo T\u00e9cnico, mismo que tambi\u00e9n se encuentra disponible en la siguiente liga electr\u00f3nica:<\/p>\n\n\n\n<figure class=\"wp-block-embed\"><div class=\"wp-block-embed__wrapper\">\nhttps:\/\/sct.gob.mx\/fileadmin\/DireccionesGrales\/DGAF\/Imagenes2\/Atento_Aviso_SICT__19_Dec_2023.pdf\n<\/div><\/figure>\n\n\n\n<ul class=\"wp-block-list\">\n<li>Podr\u00e1 realizarse mediante calcoman\u00eda o con pintura, con letra arial, en las ubicaciones se\u00f1aladas conforme al tipo y configuraci\u00f3n del veh\u00edculo.<\/li>\n\n\n\n<li>Si el fondo del veh\u00edculo es de alg\u00fan color oscuro la letra deber\u00e1 ser color blanco y si el fondo del veh\u00edculo es en tonos claros la letra tendr\u00e1 que ser en color negro.<\/li>\n\n\n\n<li>Los materiales utilizados deber\u00e1n ofrecer amplia durabilidad y reflejantes para mayor visualizaci\u00f3n diurna y nocturna<\/li>\n\n\n\n<li>En configuraciones doblemente articuladas, para cada remolque o semirremolque, deber\u00e1 realizarse el balizado correspondiente.<\/li>\n\n\n\n<li>Las configuraciones vehiculares que por las caracter\u00edsticas de su carrocer\u00eda o modalidad que en el contenedor o remolque no se cuenta con toldo, se deber\u00e1 colocar una lona con el n\u00famero de identificaci\u00f3n (tolvas, pipas, plataformas sin carga, veh\u00edculos sin rodar, jaulas, contenedores, veh\u00edculos en esquema de \u00a0arrendamiento y\/o veh\u00edculos de internaci\u00f3n temporal de EUA a M\u00e9xico)<\/li>\n<\/ul>\n\n\n\n<p><strong>Vigencia:<\/strong><\/p>\n\n\n\n<p>El presente Aviso prev\u00e9 entrar en vigor al d\u00eda siguiente de su publicaci\u00f3n en el DOF<\/p>\n","protected":false},"excerpt":{"rendered":"<p>Anteproyecto del balizamiento (identificaci\u00f3n) para veh\u00edculos de autotransporte federal (de carga) La Secretar\u00eda de Infraestructura, Comunicaciones y Transportes (SICT) ha dado a conocer como Anteproyecto CONAMER el &#8220;Aviso a todos los permisionarios, c\u00e1maras, asociaciones, federaciones y confederaciones del autotransporte federal de carga, pasaje y turismo; y servicios auxiliares.&#8221;, con n\u00famero de expediente10\/0001\/080125: Objetivo del Anteproyecto: [&hellip;]<\/p>\n","protected":false},"author":3,"featured_media":0,"comment_status":"open","ping_status":"closed","sticky":false,"template":"","format":"standard","meta":{"_uag_custom_page_level_css":"","footnotes":""},"categories":[1],"tags":[],"class_list":["post-619","post","type-post","status-publish","format-standard","hentry","category-comunicados"],"blocksy_meta":[],"uagb_featured_image_src":{"full":false,"thumbnail":false,"medium":false,"medium_large":false,"large":false,"1536x1536":false,"2048x2048":false},"uagb_author_info":{"display_name":"WebMaster","author_link":"https:\/\/www.grupoaduanalyarza.com\/portal\/es\/author\/yarza\/"},"uagb_comment_info":0,"uagb_excerpt":"Anteproyecto del balizamiento (identificaci\u00f3n) para veh\u00edculos de autotransporte federal (de carga) La Secretar\u00eda de Infraestructura, Comunicaciones y Transportes (SICT) ha dado a conocer como Anteproyecto CONAMER el &#8220;Aviso a todos los permisionarios, c\u00e1maras, asociaciones, federaciones y confederaciones del autotransporte federal de carga, pasaje y turismo; y servicios auxiliares.&#8221;, con n\u00famero de expediente10\/0001\/080125: Objetivo del Anteproyecto:&hellip;","_links":{"self":[{"href":"https:\/\/www.grupoaduanalyarza.com\/portal\/es\/wp-json\/wp\/v2\/posts\/619","targetHints":{"allow":["GET"]}}],"collection":[{"href":"https:\/\/www.grupoaduanalyarza.com\/portal\/es\/wp-json\/wp\/v2\/posts"}],"about":[{"href":"https:\/\/www.grupoaduanalyarza.com\/portal\/es\/wp-json\/wp\/v2\/types\/post"}],"author":[{"embeddable":true,"href":"https:\/\/www.grupoaduanalyarza.com\/portal\/es\/wp-json\/wp\/v2\/users\/3"}],"replies":[{"embeddable":true,"href":"https:\/\/www.grupoaduanalyarza.com\/portal\/es\/wp-json\/wp\/v2\/comments?post=619"}],"version-history":[{"count":2,"href":"https:\/\/www.grupoaduanalyarza.com\/portal\/es\/wp-json\/wp\/v2\/posts\/619\/revisions"}],"predecessor-version":[{"id":621,"href":"https:\/\/www.grupoaduanalyarza.com\/portal\/es\/wp-json\/wp\/v2\/posts\/619\/revisions\/621"}],"wp:attachment":[{"href":"https:\/\/www.grupoaduanalyarza.com\/portal\/es\/wp-json\/wp\/v2\/media?parent=619"}],"wp:term":[{"taxonomy":"category","embeddable":true,"href":"https:\/\/www.grupoaduanalyarza.com\/portal\/es\/wp-json\/wp\/v2\/categories?post=619"},{"taxonomy":"post_tag","embeddable":true,"href":"https:\/\/www.grupoaduanalyarza.com\/portal\/es\/wp-json\/wp\/v2\/tags?post=619"}],"curies":[{"name":"wp","href":"https:\/\/api.w.org\/{rel}","templated":true}]}}