{"id":669,"date":"2025-03-14T16:30:13","date_gmt":"2025-03-14T22:30:13","guid":{"rendered":"https:\/\/www.grupoaduanalyarza.com\/portal\/es\/?p=669"},"modified":"2025-03-14T16:30:14","modified_gmt":"2025-03-14T22:30:14","slug":"se-comunica-dia-inhabil-2","status":"publish","type":"post","link":"https:\/\/www.grupoaduanalyarza.com\/portal\/es\/2025\/03\/14\/se-comunica-dia-inhabil-2\/","title":{"rendered":"Se comunica dia inh\u00e1bil"},"content":{"rendered":"\n<p><\/p>\n\n\n\n<p><strong>A todos nuestros clientes<\/strong><\/p>\n\n\n\n<p>Por medio de la presente se informa que de conformidad con lo se\u00f1alado en el articulo 12 del C\u00f3digo Fiscal de la Federaci\u00f3n &nbsp;se considera inh\u00e1bil el <strong>17 de marzo <\/strong>de 2025 en conmemoraci\u00f3n del 21 de marzo y por lo tanto d\u00eda de descanso obligatorio.<\/p>\n\n\n\n<p>La presente &nbsp;se hace de su conocimiento, con el fin de tomar las acciones necesarias &nbsp;y evitar el retraso en el despacho de sus importaciones. Quedamos a sus \u00f3rdenes para cualquier duda o comentario al respecto.<\/p>\n","protected":false},"excerpt":{"rendered":"<p>A todos nuestros clientes Por medio de la presente se informa que de conformidad con lo se\u00f1alado en el articulo 12 del C\u00f3digo Fiscal de la Federaci\u00f3n &nbsp;se considera inh\u00e1bil el 17 de marzo de 2025 en conmemoraci\u00f3n del 21 de marzo y por lo tanto d\u00eda de descanso obligatorio. La presente &nbsp;se hace de [&hellip;]<\/p>\n","protected":false},"author":3,"featured_media":0,"comment_status":"open","ping_status":"closed","sticky":false,"template":"","format":"standard","meta":{"_uag_custom_page_level_css":"","footnotes":""},"categories":[1],"tags":[],"class_list":["post-669","post","type-post","status-publish","format-standard","hentry","category-comunicados"],"blocksy_meta":[],"uagb_featured_image_src":{"full":false,"thumbnail":false,"medium":false,"medium_large":false,"large":false,"1536x1536":false,"2048x2048":false},"uagb_author_info":{"display_name":"WebMaster","author_link":"https:\/\/www.grupoaduanalyarza.com\/portal\/es\/author\/yarza\/"},"uagb_comment_info":0,"uagb_excerpt":"A todos nuestros clientes Por medio de la presente se informa que de conformidad con lo se\u00f1alado en el articulo 12 del C\u00f3digo Fiscal de la Federaci\u00f3n &nbsp;se considera inh\u00e1bil el 17 de marzo de 2025 en conmemoraci\u00f3n del 21 de marzo y por lo tanto d\u00eda de descanso obligatorio. La presente &nbsp;se hace de&hellip;","_links":{"self":[{"href":"https:\/\/www.grupoaduanalyarza.com\/portal\/es\/wp-json\/wp\/v2\/posts\/669","targetHints":{"allow":["GET"]}}],"collection":[{"href":"https:\/\/www.grupoaduanalyarza.com\/portal\/es\/wp-json\/wp\/v2\/posts"}],"about":[{"href":"https:\/\/www.grupoaduanalyarza.com\/portal\/es\/wp-json\/wp\/v2\/types\/post"}],"author":[{"embeddable":true,"href":"https:\/\/www.grupoaduanalyarza.com\/portal\/es\/wp-json\/wp\/v2\/users\/3"}],"replies":[{"embeddable":true,"href":"https:\/\/www.grupoaduanalyarza.com\/portal\/es\/wp-json\/wp\/v2\/comments?post=669"}],"version-history":[{"count":1,"href":"https:\/\/www.grupoaduanalyarza.com\/portal\/es\/wp-json\/wp\/v2\/posts\/669\/revisions"}],"predecessor-version":[{"id":670,"href":"https:\/\/www.grupoaduanalyarza.com\/portal\/es\/wp-json\/wp\/v2\/posts\/669\/revisions\/670"}],"wp:attachment":[{"href":"https:\/\/www.grupoaduanalyarza.com\/portal\/es\/wp-json\/wp\/v2\/media?parent=669"}],"wp:term":[{"taxonomy":"category","embeddable":true,"href":"https:\/\/www.grupoaduanalyarza.com\/portal\/es\/wp-json\/wp\/v2\/categories?post=669"},{"taxonomy":"post_tag","embeddable":true,"href":"https:\/\/www.grupoaduanalyarza.com\/portal\/es\/wp-json\/wp\/v2\/tags?post=669"}],"curies":[{"name":"wp","href":"https:\/\/api.w.org\/{rel}","templated":true}]}}