{"id":680,"date":"2025-04-01T16:32:16","date_gmt":"2025-04-01T22:32:16","guid":{"rendered":"https:\/\/www.grupoaduanalyarza.com\/portal\/es\/?p=680"},"modified":"2025-04-01T16:32:17","modified_gmt":"2025-04-01T22:32:17","slug":"se-concluye-con-el-proceso-de-autorizaciones-para-la-importacion-de-mercancias-clasificadas-en-los-capitulos-61-62-63-y-las-subpartidas-9404-40-y-9404-90-de-la-tarifa-de-la-ley-de-los-impuestos-gene","status":"publish","type":"post","link":"https:\/\/www.grupoaduanalyarza.com\/portal\/es\/2025\/04\/01\/se-concluye-con-el-proceso-de-autorizaciones-para-la-importacion-de-mercancias-clasificadas-en-los-capitulos-61-62-63-y-las-subpartidas-9404-40-y-9404-90-de-la-tarifa-de-la-ley-de-los-impuestos-gene\/","title":{"rendered":"Se concluye con el proceso de autorizaciones para la importaci\u00f3n de mercanc\u00edas clasificadas en los cap\u00edtulos 61, 62, 63 y las subpartidas 9404.40 y 9404.90 de la Tarifa de la Ley de los Impuestos Generales de Importaci\u00f3n y Exportaci\u00f3n"},"content":{"rendered":"\n<p><\/p>\n\n\n\n<p>La Subsecretar\u00eda de Industria y comercio por medio del portal del Servicio Nacional de Informaci\u00f3n de Comercio Exterior (SNICE), dependiente de la Secretar\u00eda de Econom\u00eda, dio a conocer un oficio respecto a que a partir del d\u00eda 6 de marzo concluyo el proceso de autorizaciones para importaci\u00f3n temporal de bienes de textil y confecci\u00f3n del Anexo I del Decreto IMMEX, de los que destacamos lo siguiente:<\/p>\n\n\n\n<p><strong>Antecedentes<\/strong><\/p>\n\n\n\n<p>El 19 de diciembre de 2024 se public\u00f3 en el DOF el Decreto para el fomento de la industria manufacturera, maquiladora y de servicios de exportaci\u00f3n, en el cual, se estableci\u00f3 en su art\u00edculo segundo que no podr\u00e1n importarse temporalmente al amparo del Decreto IMMEX las mercanc\u00edas clasificadas en los en los cap\u00edtulos 61, 62, 63 y las subpartidas 9404.40 y 9404.90.<\/p>\n\n\n\n<p>Se public\u00f3 el oficio No. 400.2025.001 relativo a los criterios y requisitos para la aplicabilidad del Anexo I del Decreto para el Fomento de la Industria Manufacturera, Maquiladora y de Servicios de Exportaci\u00f3n, se\u00f1alando en el resolutivo PRIMERO, los requisitos a cumplir para que las empresas except\u00faen la aplicabilidad de las reformas establecidas en el art\u00edculo segundo del Decreto por el que se modifica la tarifa de la Ley de los Impuestos Generales<\/p>\n\n\n\n<p><strong>Actualizaci\u00f3n &nbsp;<\/strong><\/p>\n\n\n\n<p>A partir del 6 de marzo pasado, concluye el proceso de emisi\u00f3n de autorizaciones para la importaci\u00f3n de mercanc\u00edas clasificadas en los cap\u00edtulos 61, 62, 63 y las subpartidas 9404.40 y 9404.90 de la Tarifa de la Ley de los Impuestos Generales de Importaci\u00f3n y Exportaci\u00f3n (TIGIE).<\/p>\n\n\n\n<p>Fueron notificadas de la autorizaci\u00f3n correspondiente las empresas que cumplieron con la totalidad de los requisitos para exceptuar la aplicabilidad de las reformas establecidas en el articulo segundo del Decreto por el que se modifica la tarifa de la LIGIE y el Decreto para el Fomento de la Industria Manufacturera, Maquiladora y de Servicios de Exportaci\u00f3n.<\/p>\n\n\n\n<p>El presente oficio se public\u00f3 en portal electr\u00f3nico del Servicio Nacional de Informaci\u00f3n de Comercio Exterior el 26\/03\/2025.<\/p>\n\n\n\n<p>La presente &nbsp;se hace de su conocimiento, con el fin de tomar las acciones necesarias para cumplir con la presente disposici\u00f3n y evitar cualquier eventualidad en el despacho de sus operaciones.<\/p>\n\n\n\n<p><\/p>\n\n\n\n<p><\/p>\n\n\n\n<p><\/p>\n","protected":false},"excerpt":{"rendered":"<p>La Subsecretar\u00eda de Industria y comercio por medio del portal del Servicio Nacional de Informaci\u00f3n de Comercio Exterior (SNICE), dependiente de la Secretar\u00eda de Econom\u00eda, dio a conocer un oficio respecto a que a partir del d\u00eda 6 de marzo concluyo el proceso de autorizaciones para importaci\u00f3n temporal de bienes de textil y confecci\u00f3n del [&hellip;]<\/p>\n","protected":false},"author":3,"featured_media":0,"comment_status":"open","ping_status":"closed","sticky":false,"template":"","format":"standard","meta":{"_uag_custom_page_level_css":"","footnotes":""},"categories":[1],"tags":[],"class_list":["post-680","post","type-post","status-publish","format-standard","hentry","category-comunicados"],"blocksy_meta":[],"uagb_featured_image_src":{"full":false,"thumbnail":false,"medium":false,"medium_large":false,"large":false,"1536x1536":false,"2048x2048":false},"uagb_author_info":{"display_name":"WebMaster","author_link":"https:\/\/www.grupoaduanalyarza.com\/portal\/es\/author\/yarza\/"},"uagb_comment_info":0,"uagb_excerpt":"La Subsecretar\u00eda de Industria y comercio por medio del portal del Servicio Nacional de Informaci\u00f3n de Comercio Exterior (SNICE), dependiente de la Secretar\u00eda de Econom\u00eda, dio a conocer un oficio respecto a que a partir del d\u00eda 6 de marzo concluyo el proceso de autorizaciones para importaci\u00f3n temporal de bienes de textil y confecci\u00f3n del&hellip;","_links":{"self":[{"href":"https:\/\/www.grupoaduanalyarza.com\/portal\/es\/wp-json\/wp\/v2\/posts\/680","targetHints":{"allow":["GET"]}}],"collection":[{"href":"https:\/\/www.grupoaduanalyarza.com\/portal\/es\/wp-json\/wp\/v2\/posts"}],"about":[{"href":"https:\/\/www.grupoaduanalyarza.com\/portal\/es\/wp-json\/wp\/v2\/types\/post"}],"author":[{"embeddable":true,"href":"https:\/\/www.grupoaduanalyarza.com\/portal\/es\/wp-json\/wp\/v2\/users\/3"}],"replies":[{"embeddable":true,"href":"https:\/\/www.grupoaduanalyarza.com\/portal\/es\/wp-json\/wp\/v2\/comments?post=680"}],"version-history":[{"count":1,"href":"https:\/\/www.grupoaduanalyarza.com\/portal\/es\/wp-json\/wp\/v2\/posts\/680\/revisions"}],"predecessor-version":[{"id":681,"href":"https:\/\/www.grupoaduanalyarza.com\/portal\/es\/wp-json\/wp\/v2\/posts\/680\/revisions\/681"}],"wp:attachment":[{"href":"https:\/\/www.grupoaduanalyarza.com\/portal\/es\/wp-json\/wp\/v2\/media?parent=680"}],"wp:term":[{"taxonomy":"category","embeddable":true,"href":"https:\/\/www.grupoaduanalyarza.com\/portal\/es\/wp-json\/wp\/v2\/categories?post=680"},{"taxonomy":"post_tag","embeddable":true,"href":"https:\/\/www.grupoaduanalyarza.com\/portal\/es\/wp-json\/wp\/v2\/tags?post=680"}],"curies":[{"name":"wp","href":"https:\/\/api.w.org\/{rel}","templated":true}]}}