{"id":761,"date":"2025-09-01T18:53:51","date_gmt":"2025-09-02T00:53:51","guid":{"rendered":"https:\/\/www.grupoaduanalyarza.com\/portal\/es\/?p=761"},"modified":"2025-09-01T18:53:53","modified_gmt":"2025-09-02T00:53:53","slug":"recomendaciones-respecto-al-cumplimiento-de-obligaciones-de-empresas-con-programa-immex","status":"publish","type":"post","link":"https:\/\/www.grupoaduanalyarza.com\/portal\/es\/2025\/09\/01\/recomendaciones-respecto-al-cumplimiento-de-obligaciones-de-empresas-con-programa-immex\/","title":{"rendered":"RECOMENDACIONES RESPECTO AL CUMPLIMIENTO DE OBLIGACIONES DE EMPRESAS CON PROGRAMA IMMEX."},"content":{"rendered":"\n<p><\/p>\n\n\n\n<p><\/p>\n\n\n\n<p><\/p>\n\n\n\n<p><\/p>\n\n\n\n<p>Se hace de su conocimiento que a la fecha la Secretaria de Econom\u00eda a notificado a diversas empresas el <strong>inicio del procedimiento de cancelaci\u00f3n del programa IMMEX<\/strong>, derivado del incumplimiento de la presentaci\u00f3n de los reportes mensuales y anuales presentados ante el INEGI, obligaciones las cuales se indican en el articulo 25 p\u00e1rrafos quinto y sexto del Decreto IMMEX, y la regla 3.2.17 del Acuerdo por el que la Secretaria de Econom\u00eda emite Reglas y Criterios de car\u00e1cter general en materia de Comercio Exterior.<\/p>\n\n\n\n<p><strong>Por lo anterior, se recomienda a las empresas IMMEX a cumplir con sus obligaciones de manera estricta, y de manera puntual, presentar en tiempo y forma las reportes mencionados.<\/strong><\/p>\n\n\n\n<p>La presente &nbsp;se hace de su conocimiento, con el fin de tomar las acciones necesarias para cumplir con la presente disposici\u00f3n y evitar cualquier eventualidad en el despacho de sus operaciones.<\/p>\n\n\n\n<p><\/p>\n\n\n\n<p><\/p>\n\n\n\n<p><\/p>\n","protected":false},"excerpt":{"rendered":"<p>Se hace de su conocimiento que a la fecha la Secretaria de Econom\u00eda a notificado a diversas empresas el inicio del procedimiento de cancelaci\u00f3n del programa IMMEX, derivado del incumplimiento de la presentaci\u00f3n de los reportes mensuales y anuales presentados ante el INEGI, obligaciones las cuales se indican en el articulo 25 p\u00e1rrafos quinto y [&hellip;]<\/p>\n","protected":false},"author":3,"featured_media":0,"comment_status":"open","ping_status":"closed","sticky":false,"template":"","format":"standard","meta":{"_uag_custom_page_level_css":"","footnotes":""},"categories":[1],"tags":[],"class_list":["post-761","post","type-post","status-publish","format-standard","hentry","category-comunicados"],"blocksy_meta":[],"uagb_featured_image_src":{"full":false,"thumbnail":false,"medium":false,"medium_large":false,"large":false,"1536x1536":false,"2048x2048":false},"uagb_author_info":{"display_name":"WebMaster","author_link":"https:\/\/www.grupoaduanalyarza.com\/portal\/es\/author\/yarza\/"},"uagb_comment_info":0,"uagb_excerpt":"Se hace de su conocimiento que a la fecha la Secretaria de Econom\u00eda a notificado a diversas empresas el inicio del procedimiento de cancelaci\u00f3n del programa IMMEX, derivado del incumplimiento de la presentaci\u00f3n de los reportes mensuales y anuales presentados ante el INEGI, obligaciones las cuales se indican en el articulo 25 p\u00e1rrafos quinto y&hellip;","_links":{"self":[{"href":"https:\/\/www.grupoaduanalyarza.com\/portal\/es\/wp-json\/wp\/v2\/posts\/761","targetHints":{"allow":["GET"]}}],"collection":[{"href":"https:\/\/www.grupoaduanalyarza.com\/portal\/es\/wp-json\/wp\/v2\/posts"}],"about":[{"href":"https:\/\/www.grupoaduanalyarza.com\/portal\/es\/wp-json\/wp\/v2\/types\/post"}],"author":[{"embeddable":true,"href":"https:\/\/www.grupoaduanalyarza.com\/portal\/es\/wp-json\/wp\/v2\/users\/3"}],"replies":[{"embeddable":true,"href":"https:\/\/www.grupoaduanalyarza.com\/portal\/es\/wp-json\/wp\/v2\/comments?post=761"}],"version-history":[{"count":1,"href":"https:\/\/www.grupoaduanalyarza.com\/portal\/es\/wp-json\/wp\/v2\/posts\/761\/revisions"}],"predecessor-version":[{"id":762,"href":"https:\/\/www.grupoaduanalyarza.com\/portal\/es\/wp-json\/wp\/v2\/posts\/761\/revisions\/762"}],"wp:attachment":[{"href":"https:\/\/www.grupoaduanalyarza.com\/portal\/es\/wp-json\/wp\/v2\/media?parent=761"}],"wp:term":[{"taxonomy":"category","embeddable":true,"href":"https:\/\/www.grupoaduanalyarza.com\/portal\/es\/wp-json\/wp\/v2\/categories?post=761"},{"taxonomy":"post_tag","embeddable":true,"href":"https:\/\/www.grupoaduanalyarza.com\/portal\/es\/wp-json\/wp\/v2\/tags?post=761"}],"curies":[{"name":"wp","href":"https:\/\/api.w.org\/{rel}","templated":true}]}}